{"id":297,"date":"2023-04-09T18:26:49","date_gmt":"2023-04-09T16:26:49","guid":{"rendered":"http:\/\/esteticainma.epizy.com\/?p=297"},"modified":"2023-06-29T10:30:45","modified_gmt":"2023-06-29T08:30:45","slug":"tu-mirada-es-importante","status":"publish","type":"post","link":"https:\/\/esteticainmavalencia.es\/index.php\/2023\/04\/09\/tu-mirada-es-importante\/","title":{"rendered":"Tu mirada es importante"},"content":{"rendered":"\t\t<div data-elementor-type=\"wp-post\" data-elementor-id=\"297\" class=\"elementor elementor-297\">\n\t\t\t\t\t\t<section class=\"elementor-section elementor-top-section elementor-element elementor-element-a02eae2 elementor-section-boxed elementor-section-height-default elementor-section-height-default\" data-id=\"a02eae2\" data-element_type=\"section\" data-e-type=\"section\">\n\t\t\t\t\t\t<div class=\"elementor-container elementor-column-gap-default\">\n\t\t\t\t\t<div class=\"elementor-column elementor-col-100 elementor-top-column elementor-element elementor-element-64a3695\" data-id=\"64a3695\" data-element_type=\"column\" data-e-type=\"column\">\n\t\t\t<div class=\"elementor-widget-wrap elementor-element-populated\">\n\t\t\t\t\t\t<div class=\"elementor-element elementor-element-bd5c73a elementor-widget elementor-widget-text-editor\" data-id=\"bd5c73a\" data-element_type=\"widget\" data-e-type=\"widget\" data-widget_type=\"text-editor.default\">\n\t\t\t\t<div class=\"elementor-widget-container\">\n\t\t\t\t\t\t\t\t\t<p>No s\u00f3lo un adecuado dise\u00f1o de cejas le dar\u00e1 expresividad a tu imagen. En Est\u00e9tica Inma puedes atreverte con total seguridad a t\u00e9cnicas como microblading, micropigmentaci\u00f3n o extensi\u00f3n de pesta\u00f1as.<br>No olvides tambi\u00e9n un tratamiento de contorno de ojos especial para tus necesidades.<\/p>\t\t\t\t\t\t\t\t<\/div>\n\t\t\t\t<\/div>\n\t\t\t\t\t<\/div>\n\t\t<\/div>\n\t\t\t\t\t<\/div>\n\t\t<\/section>\n\t\t\t\t<\/div>\n\t\t","protected":false},"excerpt":{"rendered":"<p>No s\u00f3lo un adecuado dise\u00f1o de cejas le dar\u00e1 expresividad a tu imagen. En Est\u00e9tica Inma puedes atreverte con total seguridad a t\u00e9cnicas como microblading, micropigmentaci\u00f3n o extensi\u00f3n de pesta\u00f1as. No olvides tambi\u00e9n un tratamiento de contorno de ojos especial para tus necesidades.<\/p>\n","protected":false},"author":1,"featured_media":989,"comment_status":"open","ping_status":"open","sticky":false,"template":"","format":"standard","meta":{"_monsterinsights_skip_tracking":false,"_monsterinsights_sitenote_active":false,"_monsterinsights_sitenote_note":"","_monsterinsights_sitenote_category":0,"footnotes":""},"categories":[6],"tags":[19,21,22,20,5],"class_list":["post-297","post","type-post","status-publish","format-standard","has-post-thumbnail","hentry","category-servicios","tag-cejas","tag-microblading","tag-micropigmentacion","tag-pestanas","tag-servicios"],"_links":{"self":[{"href":"https:\/\/esteticainmavalencia.es\/index.php\/wp-json\/wp\/v2\/posts\/297","targetHints":{"allow":["GET"]}}],"collection":[{"href":"https:\/\/esteticainmavalencia.es\/index.php\/wp-json\/wp\/v2\/posts"}],"about":[{"href":"https:\/\/esteticainmavalencia.es\/index.php\/wp-json\/wp\/v2\/types\/post"}],"author":[{"embeddable":true,"href":"https:\/\/esteticainmavalencia.es\/index.php\/wp-json\/wp\/v2\/users\/1"}],"replies":[{"embeddable":true,"href":"https:\/\/esteticainmavalencia.es\/index.php\/wp-json\/wp\/v2\/comments?post=297"}],"version-history":[{"count":14,"href":"https:\/\/esteticainmavalencia.es\/index.php\/wp-json\/wp\/v2\/posts\/297\/revisions"}],"predecessor-version":[{"id":1172,"href":"https:\/\/esteticainmavalencia.es\/index.php\/wp-json\/wp\/v2\/posts\/297\/revisions\/1172"}],"wp:featuredmedia":[{"embeddable":true,"href":"https:\/\/esteticainmavalencia.es\/index.php\/wp-json\/wp\/v2\/media\/989"}],"wp:attachment":[{"href":"https:\/\/esteticainmavalencia.es\/index.php\/wp-json\/wp\/v2\/media?parent=297"}],"wp:term":[{"taxonomy":"category","embeddable":true,"href":"https:\/\/esteticainmavalencia.es\/index.php\/wp-json\/wp\/v2\/categories?post=297"},{"taxonomy":"post_tag","embeddable":true,"href":"https:\/\/esteticainmavalencia.es\/index.php\/wp-json\/wp\/v2\/tags?post=297"}],"curies":[{"name":"wp","href":"https:\/\/api.w.org\/{rel}","templated":true}]}}