{"id":283,"date":"2023-04-09T17:57:32","date_gmt":"2023-04-09T15:57:32","guid":{"rendered":"http:\/\/esteticainma.epizy.com\/?p=283"},"modified":"2023-06-29T10:31:38","modified_gmt":"2023-06-29T08:31:38","slug":"maquillate","status":"publish","type":"post","link":"https:\/\/esteticainmavalencia.es\/index.php\/2023\/04\/09\/maquillate\/","title":{"rendered":"\u00a1Maqu\u00edllate!"},"content":{"rendered":"\t\t<div data-elementor-type=\"wp-post\" data-elementor-id=\"283\" class=\"elementor elementor-283\">\n\t\t\t\t\t\t<section class=\"elementor-section elementor-top-section elementor-element elementor-element-259db41 elementor-section-boxed elementor-section-height-default elementor-section-height-default\" data-id=\"259db41\" data-element_type=\"section\" data-e-type=\"section\">\n\t\t\t\t\t\t<div class=\"elementor-container elementor-column-gap-default\">\n\t\t\t\t\t<div class=\"elementor-column elementor-col-100 elementor-top-column elementor-element elementor-element-4381246\" data-id=\"4381246\" data-element_type=\"column\" data-e-type=\"column\">\n\t\t\t<div class=\"elementor-widget-wrap elementor-element-populated\">\n\t\t\t\t\t\t<div class=\"elementor-element elementor-element-8774c21 elementor-widget elementor-widget-text-editor\" data-id=\"8774c21\" data-element_type=\"widget\" data-e-type=\"widget\" data-widget_type=\"text-editor.default\">\n\t\t\t\t<div class=\"elementor-widget-container\">\n\t\t\t\t\t\t\t\t\t<p>Puede que tengas un evento especial o simplemente quieras ir m\u00e1s arreglada. Ya sea para salir una noche, como invitada a una celebraci\u00f3n o para elegir un maquillaje diario para ir al trabajo, conf\u00eda en nuestra experiencia profesional.<br \/>Ofrecemos maquillaje especial de fiesta, para novias, falleras \u00a1y lo que surja!<\/p>\t\t\t\t\t\t\t\t<\/div>\n\t\t\t\t<\/div>\n\t\t\t\t\t<\/div>\n\t\t<\/div>\n\t\t\t\t\t<\/div>\n\t\t<\/section>\n\t\t\t\t<\/div>\n\t\t","protected":false},"excerpt":{"rendered":"<p>Puede que tengas un evento especial o simplemente quieras ir m\u00e1s arreglada. Ya sea para salir una noche, como invitada a una celebraci\u00f3n o para elegir un maquillaje diario para ir al trabajo, conf\u00eda en nuestra experiencia profesional. Ofrecemos maquillaje especial de fiesta, para novias, falleras \u00a1y lo que surja!<\/p>\n","protected":false},"author":1,"featured_media":863,"comment_status":"open","ping_status":"open","sticky":false,"template":"","format":"standard","meta":{"_monsterinsights_skip_tracking":false,"_monsterinsights_sitenote_active":false,"_monsterinsights_sitenote_note":"","_monsterinsights_sitenote_category":0,"footnotes":""},"categories":[24,6],"tags":[18,5],"class_list":["post-283","post","type-post","status-publish","format-standard","has-post-thumbnail","hentry","category-belleza","category-servicios","tag-maquillaje","tag-servicios"],"_links":{"self":[{"href":"https:\/\/esteticainmavalencia.es\/index.php\/wp-json\/wp\/v2\/posts\/283","targetHints":{"allow":["GET"]}}],"collection":[{"href":"https:\/\/esteticainmavalencia.es\/index.php\/wp-json\/wp\/v2\/posts"}],"about":[{"href":"https:\/\/esteticainmavalencia.es\/index.php\/wp-json\/wp\/v2\/types\/post"}],"author":[{"embeddable":true,"href":"https:\/\/esteticainmavalencia.es\/index.php\/wp-json\/wp\/v2\/users\/1"}],"replies":[{"embeddable":true,"href":"https:\/\/esteticainmavalencia.es\/index.php\/wp-json\/wp\/v2\/comments?post=283"}],"version-history":[{"count":8,"href":"https:\/\/esteticainmavalencia.es\/index.php\/wp-json\/wp\/v2\/posts\/283\/revisions"}],"predecessor-version":[{"id":1173,"href":"https:\/\/esteticainmavalencia.es\/index.php\/wp-json\/wp\/v2\/posts\/283\/revisions\/1173"}],"wp:featuredmedia":[{"embeddable":true,"href":"https:\/\/esteticainmavalencia.es\/index.php\/wp-json\/wp\/v2\/media\/863"}],"wp:attachment":[{"href":"https:\/\/esteticainmavalencia.es\/index.php\/wp-json\/wp\/v2\/media?parent=283"}],"wp:term":[{"taxonomy":"category","embeddable":true,"href":"https:\/\/esteticainmavalencia.es\/index.php\/wp-json\/wp\/v2\/categories?post=283"},{"taxonomy":"post_tag","embeddable":true,"href":"https:\/\/esteticainmavalencia.es\/index.php\/wp-json\/wp\/v2\/tags?post=283"}],"curies":[{"name":"wp","href":"https:\/\/api.w.org\/{rel}","templated":true}]}}