{"id":252,"date":"2023-04-08T20:13:50","date_gmt":"2023-04-08T18:13:50","guid":{"rendered":"http:\/\/esteticainma.epizy.com\/?p=252"},"modified":"2023-06-29T10:35:37","modified_gmt":"2023-06-29T08:35:37","slug":"ofertas-del-mes-en-cosmetica-avanzada","status":"publish","type":"post","link":"https:\/\/esteticainmavalencia.es\/index.php\/2023\/04\/08\/ofertas-del-mes-en-cosmetica-avanzada\/","title":{"rendered":"Ofertas del mes en cosm\u00e9tica avanzada"},"content":{"rendered":"\t\t<div data-elementor-type=\"wp-post\" data-elementor-id=\"252\" class=\"elementor elementor-252\">\n\t\t\t\t\t\t<section class=\"elementor-section elementor-top-section elementor-element elementor-element-4119298 elementor-section-boxed elementor-section-height-default elementor-section-height-default\" data-id=\"4119298\" data-element_type=\"section\" data-e-type=\"section\">\n\t\t\t\t\t\t<div class=\"elementor-container elementor-column-gap-default\">\n\t\t\t\t\t<div class=\"elementor-column elementor-col-100 elementor-top-column elementor-element elementor-element-6254198\" data-id=\"6254198\" data-element_type=\"column\" data-e-type=\"column\">\n\t\t\t<div class=\"elementor-widget-wrap elementor-element-populated\">\n\t\t\t\t\t\t<div class=\"elementor-element elementor-element-d5d831f elementor-widget elementor-widget-text-editor\" data-id=\"d5d831f\" data-element_type=\"widget\" data-e-type=\"widget\" data-widget_type=\"text-editor.default\">\n\t\t\t\t<div class=\"elementor-widget-container\">\n\t\t\t\t\t\t\t\t\t<p>Este mes tenemos una ocasi\u00f3n especial para adquirir productos de Montibello a un precio excepcional. Inf\u00f3rmate sobre los packs en las distintas l\u00edneas de cuidado facial y el resto de su cosm\u00e9tica avanzada.<\/p><p>\u00a1Aprovecha esta oportunidad!<\/p>\t\t\t\t\t\t\t\t<\/div>\n\t\t\t\t<\/div>\n\t\t\t\t\t<\/div>\n\t\t<\/div>\n\t\t\t\t\t<\/div>\n\t\t<\/section>\n\t\t\t\t<\/div>\n\t\t","protected":false},"excerpt":{"rendered":"<p>Este mes tenemos una ocasi\u00f3n especial para adquirir productos de Montibello a un precio excepcional. Inf\u00f3rmate sobre los packs en las distintas l\u00edneas de cuidado facial y el resto de su cosm\u00e9tica avanzada. \u00a1Aprovecha esta oportunidad!<\/p>\n","protected":false},"author":1,"featured_media":31,"comment_status":"open","ping_status":"open","sticky":false,"template":"","format":"standard","meta":{"_monsterinsights_skip_tracking":false,"_monsterinsights_sitenote_active":false,"_monsterinsights_sitenote_note":"","_monsterinsights_sitenote_category":0,"footnotes":""},"categories":[12],"tags":[14,15,13],"class_list":["post-252","post","type-post","status-publish","format-standard","has-post-thumbnail","hentry","category-productos","tag-cosmetica","tag-montibello","tag-productos"],"_links":{"self":[{"href":"https:\/\/esteticainmavalencia.es\/index.php\/wp-json\/wp\/v2\/posts\/252","targetHints":{"allow":["GET"]}}],"collection":[{"href":"https:\/\/esteticainmavalencia.es\/index.php\/wp-json\/wp\/v2\/posts"}],"about":[{"href":"https:\/\/esteticainmavalencia.es\/index.php\/wp-json\/wp\/v2\/types\/post"}],"author":[{"embeddable":true,"href":"https:\/\/esteticainmavalencia.es\/index.php\/wp-json\/wp\/v2\/users\/1"}],"replies":[{"embeddable":true,"href":"https:\/\/esteticainmavalencia.es\/index.php\/wp-json\/wp\/v2\/comments?post=252"}],"version-history":[{"count":10,"href":"https:\/\/esteticainmavalencia.es\/index.php\/wp-json\/wp\/v2\/posts\/252\/revisions"}],"predecessor-version":[{"id":1181,"href":"https:\/\/esteticainmavalencia.es\/index.php\/wp-json\/wp\/v2\/posts\/252\/revisions\/1181"}],"wp:featuredmedia":[{"embeddable":true,"href":"https:\/\/esteticainmavalencia.es\/index.php\/wp-json\/wp\/v2\/media\/31"}],"wp:attachment":[{"href":"https:\/\/esteticainmavalencia.es\/index.php\/wp-json\/wp\/v2\/media?parent=252"}],"wp:term":[{"taxonomy":"category","embeddable":true,"href":"https:\/\/esteticainmavalencia.es\/index.php\/wp-json\/wp\/v2\/categories?post=252"},{"taxonomy":"post_tag","embeddable":true,"href":"https:\/\/esteticainmavalencia.es\/index.php\/wp-json\/wp\/v2\/tags?post=252"}],"curies":[{"name":"wp","href":"https:\/\/api.w.org\/{rel}","templated":true}]}}