{"id":208,"date":"2023-04-08T19:09:43","date_gmt":"2023-04-08T17:09:43","guid":{"rendered":"http:\/\/esteticainma.epizy.com\/?p=208"},"modified":"2023-06-29T10:36:31","modified_gmt":"2023-06-29T08:36:31","slug":"prepara-tus-pies-para-el-verano","status":"publish","type":"post","link":"https:\/\/esteticainmavalencia.es\/index.php\/2023\/04\/08\/prepara-tus-pies-para-el-verano\/","title":{"rendered":"Prepara tus pies para el verano"},"content":{"rendered":"\t\t<div data-elementor-type=\"wp-post\" data-elementor-id=\"208\" class=\"elementor elementor-208\">\n\t\t\t\t\t\t<section class=\"elementor-section elementor-top-section elementor-element elementor-element-f16f4e8 elementor-section-boxed elementor-section-height-default elementor-section-height-default\" data-id=\"f16f4e8\" data-element_type=\"section\" data-e-type=\"section\">\n\t\t\t\t\t\t<div class=\"elementor-container elementor-column-gap-default\">\n\t\t\t\t\t<div class=\"elementor-column elementor-col-100 elementor-top-column elementor-element elementor-element-32b32b4\" data-id=\"32b32b4\" data-element_type=\"column\" data-e-type=\"column\">\n\t\t\t<div class=\"elementor-widget-wrap elementor-element-populated\">\n\t\t\t\t\t\t<div class=\"elementor-element elementor-element-6ff09fe elementor-widget elementor-widget-text-editor\" data-id=\"6ff09fe\" data-element_type=\"widget\" data-e-type=\"widget\" data-widget_type=\"text-editor.default\">\n\t\t\t\t<div class=\"elementor-widget-container\">\n\t\t\t\t\t\t\t\t\t<p>Se acerca el buen tiempo y la temporada de sandalias. Es muy importante un cuidado especial de los pies y una pedicura para lucirlos como se merecen, tanto en el d\u00eda a d\u00eda como en ocasiones especiales o un d\u00eda de playa.<\/p><p>\u00a1Reserva tu cita en Est\u00e9tica Inma y presume de pies!<\/p>\t\t\t\t\t\t\t\t<\/div>\n\t\t\t\t<\/div>\n\t\t\t\t\t<\/div>\n\t\t<\/div>\n\t\t\t\t\t<\/div>\n\t\t<\/section>\n\t\t\t\t<\/div>\n\t\t","protected":false},"excerpt":{"rendered":"<p>Se acerca el buen tiempo y la temporada de sandalias. Es muy importante un cuidado especial de los pies y una pedicura para lucirlos como se merecen, tanto en el d\u00eda a d\u00eda como en ocasiones especiales o un d\u00eda de playa. \u00a1Reserva tu cita en Est\u00e9tica Inma y presume de pies!<\/p>\n","protected":false},"author":1,"featured_media":993,"comment_status":"open","ping_status":"open","sticky":false,"template":"elementor_theme","format":"standard","meta":{"_monsterinsights_skip_tracking":false,"_monsterinsights_sitenote_active":false,"_monsterinsights_sitenote_note":"","_monsterinsights_sitenote_category":0,"footnotes":""},"categories":[24,7,6],"tags":[3,4,5],"class_list":["post-208","post","type-post","status-publish","format-standard","has-post-thumbnail","hentry","category-belleza","category-pedicura","category-servicios","tag-pedicura","tag-pies","tag-servicios"],"_links":{"self":[{"href":"https:\/\/esteticainmavalencia.es\/index.php\/wp-json\/wp\/v2\/posts\/208","targetHints":{"allow":["GET"]}}],"collection":[{"href":"https:\/\/esteticainmavalencia.es\/index.php\/wp-json\/wp\/v2\/posts"}],"about":[{"href":"https:\/\/esteticainmavalencia.es\/index.php\/wp-json\/wp\/v2\/types\/post"}],"author":[{"embeddable":true,"href":"https:\/\/esteticainmavalencia.es\/index.php\/wp-json\/wp\/v2\/users\/1"}],"replies":[{"embeddable":true,"href":"https:\/\/esteticainmavalencia.es\/index.php\/wp-json\/wp\/v2\/comments?post=208"}],"version-history":[{"count":27,"href":"https:\/\/esteticainmavalencia.es\/index.php\/wp-json\/wp\/v2\/posts\/208\/revisions"}],"predecessor-version":[{"id":1182,"href":"https:\/\/esteticainmavalencia.es\/index.php\/wp-json\/wp\/v2\/posts\/208\/revisions\/1182"}],"wp:featuredmedia":[{"embeddable":true,"href":"https:\/\/esteticainmavalencia.es\/index.php\/wp-json\/wp\/v2\/media\/993"}],"wp:attachment":[{"href":"https:\/\/esteticainmavalencia.es\/index.php\/wp-json\/wp\/v2\/media?parent=208"}],"wp:term":[{"taxonomy":"category","embeddable":true,"href":"https:\/\/esteticainmavalencia.es\/index.php\/wp-json\/wp\/v2\/categories?post=208"},{"taxonomy":"post_tag","embeddable":true,"href":"https:\/\/esteticainmavalencia.es\/index.php\/wp-json\/wp\/v2\/tags?post=208"}],"curies":[{"name":"wp","href":"https:\/\/api.w.org\/{rel}","templated":true}]}}